{"id":27457,"date":"2026-08-31T13:20:19","date_gmt":"2026-08-31T12:20:19","guid":{"rendered":"https:\/\/www.smartbuildinglevante.it\/?p=27457"},"modified":"2026-08-31T13:28:22","modified_gmt":"2026-08-31T12:28:22","slug":"miba-levante-2026-a-bari-la-twin-transition-del-patrimonio-edilizio-mediterraneo","status":"publish","type":"post","link":"https:\/\/www.smartbuildinglevante.it\/it\/miba-levante-2026-a-bari-la-twin-transition-del-patrimonio-edilizio-mediterraneo\/","title":{"rendered":"MIBA Levante 2026: a Bari la twin transition del patrimonio edilizio mediterraneo"},"content":{"rendered":"<p><img loading=\"lazy\" decoding=\"async\" class=\"wp-image-27465 alignleft\" src=\"https:\/\/www.smartbuildinglevante.it\/wp-content\/uploads\/2026\/08\/mibalevante-2026.png\" alt=\"\" width=\"653\" height=\"434\" srcset=\"https:\/\/www.smartbuildinglevante.it\/wp-content\/uploads\/2026\/08\/mibalevante-2026.png 1334w, https:\/\/www.smartbuildinglevante.it\/wp-content\/uploads\/2026\/08\/mibalevante-2026-240x159.png 240w, https:\/\/www.smartbuildinglevante.it\/wp-content\/uploads\/2026\/08\/mibalevante-2026-480x319.png 480w, https:\/\/www.smartbuildinglevante.it\/wp-content\/uploads\/2026\/08\/mibalevante-2026-768x510.png 768w, https:\/\/www.smartbuildinglevante.it\/wp-content\/uploads\/2026\/08\/mibalevante-2026-900x600.png 900w\" sizes=\"auto, (max-width: 653px) 100vw, 653px\" \/>La trasformazione del patrimonio edilizio non pu\u00f2 essere affrontata per compartimenti stagni. Efficienza dell\u2019involucro, elettrificazione, automazione, sicurezza e accessibilit\u00e0 sono ormai parti di un unico sistema. \u00c8 questa la visione da cui nasce <strong>MIBA Levante<\/strong>, spin-off di MIBA \u2013 Milan International Building Alliance, in programma alla <strong>Nuova Fiera del Levante di Bari il 18 e 19 novembre 2026<\/strong>.<\/p>\n<p>La formula porta nel Mezzogiorno l\u2019esperienza dell\u2019evento leader di Fiera Milano, proponendo una <strong>lettura olistica dell\u2019innovazione<\/strong> nel settore delle costruzioni. Una scelta coerente con la doppia transizione, energetica e digitale, indicata dalla <strong>EPBD4<\/strong>: ridurre consumi ed emissioni non significa infatti intervenire soltanto sull\u2019involucro o sostituire un generatore, ma progettare edifici capaci di misurare, comunicare e governare in modo intelligente energia, comfort, sicurezza e servizi.<\/p>\n<p>Il cuore di MIBA Levante \u00e8 costituito da quattro anime complementari. <strong>MADE Expo<\/strong> porta materiali, sistemi costruttivi, serramenti e soluzioni per involucri ad alte prestazioni. <strong>SICUREZZA<\/strong> affronta i temi della security, dell\u2019antincendio, del controllo accessi e della protezione degli edifici connessi. <strong>GEE \u2013 Global Elevator Exhibition<\/strong> \u00e8 dedicata alla mobilit\u00e0 verticale e orizzontale, elemento centrale per accessibilit\u00e0 e modernizzazione del costruito. <strong>Smart Building Levante<\/strong>, giunta alla quinta edizione, rappresenta invece il luogo dell\u2019elettrificazione, della home and building automation e dell\u2019integrazione tecnologica. Completa la proposta lo special event <strong>FEL \u2013 Festival dell\u2019Edilizia Leggera<\/strong>, dedicato a finiture tecniche, isolamento, facciate, cartongesso, edilizia a secco e applicazione professionale.<\/p>\n<p>Proprio l\u2019integrazione impiantistica costituisce il filo rosso del progetto. BACS, sensoristica, piattaforme di supervisione, smart lighting, gestione dei carichi, produzione rinnovabile, accumulo, climatizzazione e ricarica dei veicoli elettrici devono dialogare tra loro. Senza interoperabilit\u00e0, competenze e capacit\u00e0 progettuale, l\u2019edificio rischia di essere una semplice somma di tecnologie; quando i sistemi vengono coordinati, diventa invece <strong>un\u2019infrastruttura attiva<\/strong>, efficiente e orientata alle persone.<\/p>\n<p>MIBA Levante vuole quindi essere non soltanto una vetrina commerciale, ma anche un <strong>vero think tank della filiera<\/strong>, nel quale aziende, progettisti, installatori, universit\u00e0, associazioni e istituzioni possano confrontarsi sulle modalit\u00e0 concrete di applicazione della EPBD4 e orientare le scelte necessarie alla riqualificazione del patrimonio immobiliare.<\/p>\n<p>In quanto unico evento fieristico di alto profilo nel Mezzogiorno dedicato a questi temi, MIBA Levante assume una responsabilit\u00e0 precisa: <strong>dare voce alle esigenze del Mezzogiorno e guardare al bacino Mediterraneo<\/strong>, un\u2019area nella quale clima, disponibilit\u00e0 energetica, qualit\u00e0 del costruito, resilienza urbana e accesso alle tecnologie presentano caratteristiche specifiche. Bari diventa cos\u00ec il punto d\u2019incontro di una comunit\u00e0 chiamata a trasformare la twin transition da obiettivo normativo a progetto industriale e professionale condiviso.<\/p>\n<p>&nbsp;<\/p>\n<p><strong><a href=\"https:\/\/www.smartbuildinglevante.it\/mibalevante\/it\">www.smartbuildinglevante.it\/mibalevante<\/a><\/strong><\/p>\n<p>&nbsp;<\/p>\n<p>&nbsp;<\/p>\n<p>&nbsp;<\/p>\n<p>&nbsp;<\/p>\n","protected":false},"excerpt":{"rendered":"<p>La trasformazione del patrimonio edilizio non pu\u00f2 essere affrontata per compartimenti stagni. Efficienza dell\u2019involucro, elettrificazione, automazione, sicurezza e accessibilit\u00e0 sono ormai parti di un unico sistema. \u00c8 questa la visione da cui nasce MIBA Levante, spin-off di MIBA \u2013 Milan International Building Alliance, in programma alla Nuova Fiera del Levante di Bari il 18 e 19 novembre 2026.<\/p>\n","protected":false},"author":29,"featured_media":27462,"comment_status":"closed","ping_status":"closed","sticky":false,"template":"","format":"standard","meta":{"footnotes":""},"categories":[1],"tags":[],"class_list":["post-27457","post","type-post","status-publish","format-standard","has-post-thumbnail","category-news"],"yoast_head":"<!-- This site is optimized with the Yoast SEO plugin v28.3 - https:\/\/yoast.com\/product\/yoast-seo-wordpress\/ -->\n<title>MIBA Levante 2026: a Bari la twin transition del patrimonio edilizio mediterraneo &#8212; Smart Building Levante<\/title>\n<meta name=\"robots\" content=\"index, follow, max-snippet:-1, max-image-preview:large, max-video-preview:-1\" \/>\n<link rel=\"canonical\" href=\"https:\/\/www.smartbuildinglevante.it\/it\/miba-levante-2026-a-bari-la-twin-transition-del-patrimonio-edilizio-mediterraneo\/\" \/>\n<meta property=\"og:locale\" content=\"it_IT\" \/>\n<meta property=\"og:type\" content=\"article\" \/>\n<meta property=\"og:title\" content=\"MIBA Levante 2026: a Bari la twin transition del patrimonio edilizio mediterraneo &#8212; Smart Building Levante\" \/>\n<meta property=\"og:description\" content=\"La trasformazione del patrimonio edilizio non pu\u00f2 essere affrontata per compartimenti stagni. Efficienza dell\u2019involucro, elettrificazione, automazione, sicurezza e accessibilit\u00e0 sono ormai parti di un unico sistema. \u00c8 questa la visione da cui nasce MIBA Levante, spin-off di MIBA \u2013 Milan International Building Alliance, in programma alla Nuova Fiera del Levante di Bari il 18 e 19 novembre 2026.\" \/>\n<meta property=\"og:url\" content=\"https:\/\/www.smartbuildinglevante.it\/it\/miba-levante-2026-a-bari-la-twin-transition-del-patrimonio-edilizio-mediterraneo\/\" \/>\n<meta property=\"og:site_name\" content=\"Smart Building Levante\" \/>\n<meta property=\"article:published_time\" content=\"2026-08-31T12:20:19+00:00\" \/>\n<meta property=\"article:modified_time\" content=\"2026-08-31T12:28:22+00:00\" \/>\n<meta property=\"og:image\" content=\"https:\/\/www.smartbuildinglevante.it\/wp-content\/uploads\/2026\/08\/newsmiba.png\" \/>\n\t<meta property=\"og:image:width\" content=\"480\" \/>\n\t<meta property=\"og:image:height\" content=\"253\" \/>\n\t<meta property=\"og:image:type\" content=\"image\/png\" \/>\n<meta name=\"author\" content=\"Luca Baldin\" \/>\n<meta name=\"twitter:card\" content=\"summary_large_image\" \/>\n<meta name=\"twitter:label1\" content=\"Scritto da\" \/>\n\t<meta name=\"twitter:data1\" content=\"Luca Baldin\" \/>\n\t<meta name=\"twitter:label2\" content=\"Tempo di lettura stimato\" \/>\n\t<meta name=\"twitter:data2\" content=\"3 minuti\" \/>\n<script type=\"application\/ld+json\" class=\"yoast-schema-graph\">{\"@context\":\"https:\\\/\\\/schema.org\",\"@graph\":[{\"@type\":\"Article\",\"@id\":\"https:\\\/\\\/www.smartbuildinglevante.it\\\/it\\\/miba-levante-2026-a-bari-la-twin-transition-del-patrimonio-edilizio-mediterraneo\\\/#article\",\"isPartOf\":{\"@id\":\"https:\\\/\\\/www.smartbuildinglevante.it\\\/it\\\/miba-levante-2026-a-bari-la-twin-transition-del-patrimonio-edilizio-mediterraneo\\\/\"},\"author\":{\"name\":\"Luca Baldin\",\"@id\":\"https:\\\/\\\/www.smartbuildinglevante.it\\\/it\\\/#\\\/schema\\\/person\\\/987b2902b2127c25ece5f987d2765689\"},\"headline\":\"MIBA Levante 2026: a Bari la twin transition del patrimonio edilizio mediterraneo\",\"datePublished\":\"2026-08-31T12:20:19+00:00\",\"dateModified\":\"2026-08-31T12:28:22+00:00\",\"mainEntityOfPage\":{\"@id\":\"https:\\\/\\\/www.smartbuildinglevante.it\\\/it\\\/miba-levante-2026-a-bari-la-twin-transition-del-patrimonio-edilizio-mediterraneo\\\/\"},\"wordCount\":432,\"publisher\":{\"@id\":\"https:\\\/\\\/www.smartbuildinglevante.it\\\/it\\\/#organization\"},\"image\":{\"@id\":\"https:\\\/\\\/www.smartbuildinglevante.it\\\/it\\\/miba-levante-2026-a-bari-la-twin-transition-del-patrimonio-edilizio-mediterraneo\\\/#primaryimage\"},\"thumbnailUrl\":\"https:\\\/\\\/www.smartbuildinglevante.it\\\/wp-content\\\/uploads\\\/2026\\\/08\\\/newsmiba.png\",\"articleSection\":[\"News\"],\"inLanguage\":\"it-IT\"},{\"@type\":\"WebPage\",\"@id\":\"https:\\\/\\\/www.smartbuildinglevante.it\\\/it\\\/miba-levante-2026-a-bari-la-twin-transition-del-patrimonio-edilizio-mediterraneo\\\/\",\"url\":\"https:\\\/\\\/www.smartbuildinglevante.it\\\/it\\\/miba-levante-2026-a-bari-la-twin-transition-del-patrimonio-edilizio-mediterraneo\\\/\",\"name\":\"MIBA Levante 2026: a Bari la twin transition del patrimonio edilizio mediterraneo &#8212; Smart Building Levante\",\"isPartOf\":{\"@id\":\"https:\\\/\\\/www.smartbuildinglevante.it\\\/it\\\/#website\"},\"primaryImageOfPage\":{\"@id\":\"https:\\\/\\\/www.smartbuildinglevante.it\\\/it\\\/miba-levante-2026-a-bari-la-twin-transition-del-patrimonio-edilizio-mediterraneo\\\/#primaryimage\"},\"image\":{\"@id\":\"https:\\\/\\\/www.smartbuildinglevante.it\\\/it\\\/miba-levante-2026-a-bari-la-twin-transition-del-patrimonio-edilizio-mediterraneo\\\/#primaryimage\"},\"thumbnailUrl\":\"https:\\\/\\\/www.smartbuildinglevante.it\\\/wp-content\\\/uploads\\\/2026\\\/08\\\/newsmiba.png\",\"datePublished\":\"2026-08-31T12:20:19+00:00\",\"dateModified\":\"2026-08-31T12:28:22+00:00\",\"breadcrumb\":{\"@id\":\"https:\\\/\\\/www.smartbuildinglevante.it\\\/it\\\/miba-levante-2026-a-bari-la-twin-transition-del-patrimonio-edilizio-mediterraneo\\\/#breadcrumb\"},\"inLanguage\":\"it-IT\",\"potentialAction\":[{\"@type\":\"ReadAction\",\"target\":[\"https:\\\/\\\/www.smartbuildinglevante.it\\\/it\\\/miba-levante-2026-a-bari-la-twin-transition-del-patrimonio-edilizio-mediterraneo\\\/\"]}]},{\"@type\":\"ImageObject\",\"inLanguage\":\"it-IT\",\"@id\":\"https:\\\/\\\/www.smartbuildinglevante.it\\\/it\\\/miba-levante-2026-a-bari-la-twin-transition-del-patrimonio-edilizio-mediterraneo\\\/#primaryimage\",\"url\":\"https:\\\/\\\/www.smartbuildinglevante.it\\\/wp-content\\\/uploads\\\/2026\\\/08\\\/newsmiba.png\",\"contentUrl\":\"https:\\\/\\\/www.smartbuildinglevante.it\\\/wp-content\\\/uploads\\\/2026\\\/08\\\/newsmiba.png\",\"width\":480,\"height\":253},{\"@type\":\"BreadcrumbList\",\"@id\":\"https:\\\/\\\/www.smartbuildinglevante.it\\\/it\\\/miba-levante-2026-a-bari-la-twin-transition-del-patrimonio-edilizio-mediterraneo\\\/#breadcrumb\",\"itemListElement\":[{\"@type\":\"ListItem\",\"position\":1,\"name\":\"Home\",\"item\":\"https:\\\/\\\/www.smartbuildinglevante.it\\\/it\\\/\"},{\"@type\":\"ListItem\",\"position\":2,\"name\":\"MIBA Levante 2026: a Bari la twin transition del patrimonio edilizio mediterraneo\"}]},{\"@type\":\"WebSite\",\"@id\":\"https:\\\/\\\/www.smartbuildinglevante.it\\\/it\\\/#website\",\"url\":\"https:\\\/\\\/www.smartbuildinglevante.it\\\/it\\\/\",\"name\":\"Smart Building Levante\",\"description\":\"FIERA INTERNAZIONALE DELLA TRANSIZIONE ENERGETICA E DIGITALE DEL PATRIMONIO EDILIZIO DEL MEDITERRANEO\",\"publisher\":{\"@id\":\"https:\\\/\\\/www.smartbuildinglevante.it\\\/it\\\/#organization\"},\"potentialAction\":[{\"@type\":\"SearchAction\",\"target\":{\"@type\":\"EntryPoint\",\"urlTemplate\":\"https:\\\/\\\/www.smartbuildinglevante.it\\\/it\\\/?s={search_term_string}\"},\"query-input\":{\"@type\":\"PropertyValueSpecification\",\"valueRequired\":true,\"valueName\":\"search_term_string\"}}],\"inLanguage\":\"it-IT\"},{\"@type\":\"Organization\",\"@id\":\"https:\\\/\\\/www.smartbuildinglevante.it\\\/it\\\/#organization\",\"name\":\"Pentastudio Srl\",\"url\":\"https:\\\/\\\/www.smartbuildinglevante.it\\\/it\\\/\",\"logo\":{\"@type\":\"ImageObject\",\"inLanguage\":\"it-IT\",\"@id\":\"https:\\\/\\\/www.smartbuildinglevante.it\\\/it\\\/#\\\/schema\\\/logo\\\/image\\\/\",\"url\":\"https:\\\/\\\/www.smartbuildinglevante.it\\\/wp-content\\\/uploads\\\/2021\\\/09\\\/pentastudio.png\",\"contentUrl\":\"https:\\\/\\\/www.smartbuildinglevante.it\\\/wp-content\\\/uploads\\\/2021\\\/09\\\/pentastudio.png\",\"width\":400,\"height\":200,\"caption\":\"Pentastudio Srl\"},\"image\":{\"@id\":\"https:\\\/\\\/www.smartbuildinglevante.it\\\/it\\\/#\\\/schema\\\/logo\\\/image\\\/\"}},{\"@type\":\"Person\",\"@id\":\"https:\\\/\\\/www.smartbuildinglevante.it\\\/it\\\/#\\\/schema\\\/person\\\/987b2902b2127c25ece5f987d2765689\",\"name\":\"Luca Baldin\",\"image\":{\"@type\":\"ImageObject\",\"inLanguage\":\"it-IT\",\"@id\":\"https:\\\/\\\/secure.gravatar.com\\\/avatar\\\/631c8c1ac238802d4f7227c4e872ce243460005b64e5e14f2eb4f5ec7252b27f?s=96&d=mm&r=g\",\"url\":\"https:\\\/\\\/secure.gravatar.com\\\/avatar\\\/631c8c1ac238802d4f7227c4e872ce243460005b64e5e14f2eb4f5ec7252b27f?s=96&d=mm&r=g\",\"contentUrl\":\"https:\\\/\\\/secure.gravatar.com\\\/avatar\\\/631c8c1ac238802d4f7227c4e872ce243460005b64e5e14f2eb4f5ec7252b27f?s=96&d=mm&r=g\",\"caption\":\"Luca Baldin\"}}]}<\/script>\n<!-- \/ Yoast SEO plugin. -->","yoast_head_json":{"title":"MIBA Levante 2026: a Bari la twin transition del patrimonio edilizio mediterraneo &#8212; Smart Building Levante","robots":{"index":"index","follow":"follow","max-snippet":"max-snippet:-1","max-image-preview":"max-image-preview:large","max-video-preview":"max-video-preview:-1"},"canonical":"https:\/\/www.smartbuildinglevante.it\/it\/miba-levante-2026-a-bari-la-twin-transition-del-patrimonio-edilizio-mediterraneo\/","og_locale":"it_IT","og_type":"article","og_title":"MIBA Levante 2026: a Bari la twin transition del patrimonio edilizio mediterraneo &#8212; Smart Building Levante","og_description":"La trasformazione del patrimonio edilizio non pu\u00f2 essere affrontata per compartimenti stagni. Efficienza dell\u2019involucro, elettrificazione, automazione, sicurezza e accessibilit\u00e0 sono ormai parti di un unico sistema. \u00c8 questa la visione da cui nasce MIBA Levante, spin-off di MIBA \u2013 Milan International Building Alliance, in programma alla Nuova Fiera del Levante di Bari il 18 e 19 novembre 2026.","og_url":"https:\/\/www.smartbuildinglevante.it\/it\/miba-levante-2026-a-bari-la-twin-transition-del-patrimonio-edilizio-mediterraneo\/","og_site_name":"Smart Building Levante","article_published_time":"2026-08-31T12:20:19+00:00","article_modified_time":"2026-08-31T12:28:22+00:00","og_image":[{"width":480,"height":253,"url":"https:\/\/www.smartbuildinglevante.it\/wp-content\/uploads\/2026\/08\/newsmiba.png","type":"image\/png"}],"author":"Luca Baldin","twitter_card":"summary_large_image","twitter_misc":{"Scritto da":"Luca Baldin","Tempo di lettura stimato":"3 minuti"},"schema":{"@context":"https:\/\/schema.org","@graph":[{"@type":"Article","@id":"https:\/\/www.smartbuildinglevante.it\/it\/miba-levante-2026-a-bari-la-twin-transition-del-patrimonio-edilizio-mediterraneo\/#article","isPartOf":{"@id":"https:\/\/www.smartbuildinglevante.it\/it\/miba-levante-2026-a-bari-la-twin-transition-del-patrimonio-edilizio-mediterraneo\/"},"author":{"name":"Luca Baldin","@id":"https:\/\/www.smartbuildinglevante.it\/it\/#\/schema\/person\/987b2902b2127c25ece5f987d2765689"},"headline":"MIBA Levante 2026: a Bari la twin transition del patrimonio edilizio mediterraneo","datePublished":"2026-08-31T12:20:19+00:00","dateModified":"2026-08-31T12:28:22+00:00","mainEntityOfPage":{"@id":"https:\/\/www.smartbuildinglevante.it\/it\/miba-levante-2026-a-bari-la-twin-transition-del-patrimonio-edilizio-mediterraneo\/"},"wordCount":432,"publisher":{"@id":"https:\/\/www.smartbuildinglevante.it\/it\/#organization"},"image":{"@id":"https:\/\/www.smartbuildinglevante.it\/it\/miba-levante-2026-a-bari-la-twin-transition-del-patrimonio-edilizio-mediterraneo\/#primaryimage"},"thumbnailUrl":"https:\/\/www.smartbuildinglevante.it\/wp-content\/uploads\/2026\/08\/newsmiba.png","articleSection":["News"],"inLanguage":"it-IT"},{"@type":"WebPage","@id":"https:\/\/www.smartbuildinglevante.it\/it\/miba-levante-2026-a-bari-la-twin-transition-del-patrimonio-edilizio-mediterraneo\/","url":"https:\/\/www.smartbuildinglevante.it\/it\/miba-levante-2026-a-bari-la-twin-transition-del-patrimonio-edilizio-mediterraneo\/","name":"MIBA Levante 2026: a Bari la twin transition del patrimonio edilizio mediterraneo &#8212; Smart Building Levante","isPartOf":{"@id":"https:\/\/www.smartbuildinglevante.it\/it\/#website"},"primaryImageOfPage":{"@id":"https:\/\/www.smartbuildinglevante.it\/it\/miba-levante-2026-a-bari-la-twin-transition-del-patrimonio-edilizio-mediterraneo\/#primaryimage"},"image":{"@id":"https:\/\/www.smartbuildinglevante.it\/it\/miba-levante-2026-a-bari-la-twin-transition-del-patrimonio-edilizio-mediterraneo\/#primaryimage"},"thumbnailUrl":"https:\/\/www.smartbuildinglevante.it\/wp-content\/uploads\/2026\/08\/newsmiba.png","datePublished":"2026-08-31T12:20:19+00:00","dateModified":"2026-08-31T12:28:22+00:00","breadcrumb":{"@id":"https:\/\/www.smartbuildinglevante.it\/it\/miba-levante-2026-a-bari-la-twin-transition-del-patrimonio-edilizio-mediterraneo\/#breadcrumb"},"inLanguage":"it-IT","potentialAction":[{"@type":"ReadAction","target":["https:\/\/www.smartbuildinglevante.it\/it\/miba-levante-2026-a-bari-la-twin-transition-del-patrimonio-edilizio-mediterraneo\/"]}]},{"@type":"ImageObject","inLanguage":"it-IT","@id":"https:\/\/www.smartbuildinglevante.it\/it\/miba-levante-2026-a-bari-la-twin-transition-del-patrimonio-edilizio-mediterraneo\/#primaryimage","url":"https:\/\/www.smartbuildinglevante.it\/wp-content\/uploads\/2026\/08\/newsmiba.png","contentUrl":"https:\/\/www.smartbuildinglevante.it\/wp-content\/uploads\/2026\/08\/newsmiba.png","width":480,"height":253},{"@type":"BreadcrumbList","@id":"https:\/\/www.smartbuildinglevante.it\/it\/miba-levante-2026-a-bari-la-twin-transition-del-patrimonio-edilizio-mediterraneo\/#breadcrumb","itemListElement":[{"@type":"ListItem","position":1,"name":"Home","item":"https:\/\/www.smartbuildinglevante.it\/it\/"},{"@type":"ListItem","position":2,"name":"MIBA Levante 2026: a Bari la twin transition del patrimonio edilizio mediterraneo"}]},{"@type":"WebSite","@id":"https:\/\/www.smartbuildinglevante.it\/it\/#website","url":"https:\/\/www.smartbuildinglevante.it\/it\/","name":"Smart Building Levante","description":"FIERA INTERNAZIONALE DELLA TRANSIZIONE ENERGETICA E DIGITALE DEL PATRIMONIO EDILIZIO DEL MEDITERRANEO","publisher":{"@id":"https:\/\/www.smartbuildinglevante.it\/it\/#organization"},"potentialAction":[{"@type":"SearchAction","target":{"@type":"EntryPoint","urlTemplate":"https:\/\/www.smartbuildinglevante.it\/it\/?s={search_term_string}"},"query-input":{"@type":"PropertyValueSpecification","valueRequired":true,"valueName":"search_term_string"}}],"inLanguage":"it-IT"},{"@type":"Organization","@id":"https:\/\/www.smartbuildinglevante.it\/it\/#organization","name":"Pentastudio Srl","url":"https:\/\/www.smartbuildinglevante.it\/it\/","logo":{"@type":"ImageObject","inLanguage":"it-IT","@id":"https:\/\/www.smartbuildinglevante.it\/it\/#\/schema\/logo\/image\/","url":"https:\/\/www.smartbuildinglevante.it\/wp-content\/uploads\/2021\/09\/pentastudio.png","contentUrl":"https:\/\/www.smartbuildinglevante.it\/wp-content\/uploads\/2021\/09\/pentastudio.png","width":400,"height":200,"caption":"Pentastudio Srl"},"image":{"@id":"https:\/\/www.smartbuildinglevante.it\/it\/#\/schema\/logo\/image\/"}},{"@type":"Person","@id":"https:\/\/www.smartbuildinglevante.it\/it\/#\/schema\/person\/987b2902b2127c25ece5f987d2765689","name":"Luca Baldin","image":{"@type":"ImageObject","inLanguage":"it-IT","@id":"https:\/\/secure.gravatar.com\/avatar\/631c8c1ac238802d4f7227c4e872ce243460005b64e5e14f2eb4f5ec7252b27f?s=96&d=mm&r=g","url":"https:\/\/secure.gravatar.com\/avatar\/631c8c1ac238802d4f7227c4e872ce243460005b64e5e14f2eb4f5ec7252b27f?s=96&d=mm&r=g","contentUrl":"https:\/\/secure.gravatar.com\/avatar\/631c8c1ac238802d4f7227c4e872ce243460005b64e5e14f2eb4f5ec7252b27f?s=96&d=mm&r=g","caption":"Luca Baldin"}}]}},"_links":{"self":[{"href":"https:\/\/www.smartbuildinglevante.it\/it\/wp-json\/wp\/v2\/posts\/27457","targetHints":{"allow":["GET"]}}],"collection":[{"href":"https:\/\/www.smartbuildinglevante.it\/it\/wp-json\/wp\/v2\/posts"}],"about":[{"href":"https:\/\/www.smartbuildinglevante.it\/it\/wp-json\/wp\/v2\/types\/post"}],"author":[{"embeddable":true,"href":"https:\/\/www.smartbuildinglevante.it\/it\/wp-json\/wp\/v2\/users\/29"}],"replies":[{"embeddable":true,"href":"https:\/\/www.smartbuildinglevante.it\/it\/wp-json\/wp\/v2\/comments?post=27457"}],"version-history":[{"count":3,"href":"https:\/\/www.smartbuildinglevante.it\/it\/wp-json\/wp\/v2\/posts\/27457\/revisions"}],"predecessor-version":[{"id":27470,"href":"https:\/\/www.smartbuildinglevante.it\/it\/wp-json\/wp\/v2\/posts\/27457\/revisions\/27470"}],"wp:featuredmedia":[{"embeddable":true,"href":"https:\/\/www.smartbuildinglevante.it\/it\/wp-json\/wp\/v2\/media\/27462"}],"wp:attachment":[{"href":"https:\/\/www.smartbuildinglevante.it\/it\/wp-json\/wp\/v2\/media?parent=27457"}],"wp:term":[{"taxonomy":"category","embeddable":true,"href":"https:\/\/www.smartbuildinglevante.it\/it\/wp-json\/wp\/v2\/categories?post=27457"},{"taxonomy":"post_tag","embeddable":true,"href":"https:\/\/www.smartbuildinglevante.it\/it\/wp-json\/wp\/v2\/tags?post=27457"}],"curies":[{"name":"wp","href":"https:\/\/api.w.org\/{rel}","templated":true}]}}